{"id":30745,"date":"2022-07-08T11:20:10","date_gmt":"2022-07-08T09:20:10","guid":{"rendered":"https:\/\/vss.yoho.pl\/darkpost\/dachowka-kompaktowa-stigma-2-0-cieta-zgodnie-z-ksztaltem-fali\/"},"modified":"2022-09-29T11:41:46","modified_gmt":"2022-09-29T09:41:46","slug":"dachowka-kompaktowa-stigma-2-0-cieta-zgodnie-z-ksztaltem-fali","status":"publish","type":"darkpost","link":"https:\/\/vss.yoho.pl\/en\/darkpost\/dachowka-kompaktowa-stigma-2-0-cieta-zgodnie-z-ksztaltem-fali\/","title":{"rendered":"STIGMA 2.0 | CUT ACCORDING TO THE WAVE SHAPE"},"content":{"rendered":"\n<div class=\"wp-block-group\"><div class=\"wp-block-group__inner-container is-layout-flow wp-block-group-is-layout-flow\">\n<p><strong>STIGMA 2.0<\/strong> to dach\u00f3wki kompaktowe, w formie dwu modu\u0142owych arkuszy. To nowocze\u015bniejsze wydanie uniwersalnego wzoru, udoskonalonego o nowe rozwi\u0105zania u\u0142atwiaj\u0105ce monta\u017c, &#8211; ci\u0119cie zgodnie z kszta\u0142tem fali oraz otwory monta\u017cowe na przet\u0142oczeniach pionowych.<\/p>\n\n\n\n<p>W prezentowanej realizacji wykorzystano dach\u00f3wki w pow\u0142oce <strong>HERCULIT [HC] <\/strong>w odcieniu <strong>HC 9005<\/strong> (czarny). <\/p>\n\n\n\n<div style=\"height:100px\" aria-hidden=\"true\" class=\"wp-block-spacer is-style-smaller-spacer\"><\/div>\n\n\n\n<figure class=\"wp-block-embed is-type-video is-provider-youtube wp-block-embed-youtube is-style-default wp-embed-aspect-16-9 wp-has-aspect-ratio\"><div class=\"wp-block-embed__wrapper\">\n <iframe loading=\"lazy\" title=\"DACH\u00d3WKA KOMPAKTOWA STIGMA 2.0 | CI\u0118TA ZGODNIE Z KSZTA\u0141TEM FALI\" width=\"640\" height=\"360\" src=\"https:\/\/www.youtube.com\/embed\/v3A7O1pcztY?feature=oembed\" frameborder=\"0\" allow=\"accelerometer; autoplay; clipboard-write; encrypted-media; gyroscope; picture-in-picture; web-share\" referrerpolicy=\"strict-origin-when-cross-origin\" allowfullscreen><\/iframe>\n<\/div><\/figure>\n<\/div><\/div>\n","protected":false},"featured_media":12469,"menu_order":56,"template":"","darkpost_category":[468,464,463,427,429],"class_list":["post-30745","darkpost","type-darkpost","status-publish","has-post-thumbnail","hentry","darkpost_category-video","darkpost_category-stigma-2-0-en","darkpost_category-compact-series-en","darkpost_category-residential-roofing","darkpost_category-individual-customer"],"acf":[],"yoast_head":"<!-- This site is optimized with the Yoast SEO plugin v26.5 - https:\/\/yoast.com\/wordpress\/plugins\/seo\/ -->\n<title>STIGMA 2.0 | CUT ACCORDING TO THE WAVE SHAPE - VSS<\/title>\n<meta name=\"robots\" content=\"noindex, follow, max-snippet:-1, max-image-preview:large, max-video-preview:-1\" \/>\n<meta property=\"og:locale\" content=\"en_US\" \/>\n<meta property=\"og:type\" content=\"article\" \/>\n<meta property=\"og:title\" content=\"STIGMA 2.0 | CUT ACCORDING TO THE WAVE SHAPE - VSS\" \/>\n<meta property=\"og:description\" content=\"STIGMA 2.0 to dach\u00f3wki kompaktowe, w formie dwu modu\u0142owych arkuszy. To nowocze\u015bniejsze wydanie uniwersalnego wzoru, udoskonalonego o nowe rozwi\u0105zania u\u0142atwiaj\u0105ce monta\u017c, &#8211; ci\u0119cie zgodnie z kszta\u0142tem fali oraz otwory monta\u017cowe na przet\u0142oczeniach pionowych. W prezentowanej realizacji wykorzystano dach\u00f3wki w pow\u0142oce HERCULIT [HC] w odcieniu HC 9005 (czarny).\" \/>\n<meta property=\"og:url\" content=\"https:\/\/vss.yoho.pl\/en\/darkpost\/dachowka-kompaktowa-stigma-2-0-cieta-zgodnie-z-ksztaltem-fali\/\" \/>\n<meta property=\"og:site_name\" content=\"VSS\" \/>\n<meta property=\"article:modified_time\" content=\"2022-09-29T09:41:46+00:00\" \/>\n<meta property=\"og:image\" content=\"https:\/\/vss.yoho.pl\/wp-content\/uploads\/2022\/07\/30-mini.png\" \/>\n\t<meta property=\"og:image:width\" content=\"1280\" \/>\n\t<meta property=\"og:image:height\" content=\"720\" \/>\n\t<meta property=\"og:image:type\" content=\"image\/png\" \/>\n<meta name=\"twitter:card\" content=\"summary_large_image\" \/>\n<script type=\"application\/ld+json\" class=\"yoast-schema-graph\">{\"@context\":\"https:\/\/schema.org\",\"@graph\":[{\"@type\":\"WebPage\",\"@id\":\"https:\/\/vss.yoho.pl\/en\/darkpost\/dachowka-kompaktowa-stigma-2-0-cieta-zgodnie-z-ksztaltem-fali\/\",\"url\":\"https:\/\/vss.yoho.pl\/en\/darkpost\/dachowka-kompaktowa-stigma-2-0-cieta-zgodnie-z-ksztaltem-fali\/\",\"name\":\"STIGMA 2.0 | CUT ACCORDING TO THE WAVE SHAPE - VSS\",\"isPartOf\":{\"@id\":\"https:\/\/vss.yoho.pl\/#website\"},\"primaryImageOfPage\":{\"@id\":\"https:\/\/vss.yoho.pl\/en\/darkpost\/dachowka-kompaktowa-stigma-2-0-cieta-zgodnie-z-ksztaltem-fali\/#primaryimage\"},\"image\":{\"@id\":\"https:\/\/vss.yoho.pl\/en\/darkpost\/dachowka-kompaktowa-stigma-2-0-cieta-zgodnie-z-ksztaltem-fali\/#primaryimage\"},\"thumbnailUrl\":\"https:\/\/vss.yoho.pl\/wp-content\/uploads\/2022\/07\/30-mini.png\",\"datePublished\":\"2022-07-08T09:20:10+00:00\",\"dateModified\":\"2022-09-29T09:41:46+00:00\",\"breadcrumb\":{\"@id\":\"https:\/\/vss.yoho.pl\/en\/darkpost\/dachowka-kompaktowa-stigma-2-0-cieta-zgodnie-z-ksztaltem-fali\/#breadcrumb\"},\"inLanguage\":\"en-US\",\"potentialAction\":[{\"@type\":\"ReadAction\",\"target\":[\"https:\/\/vss.yoho.pl\/en\/darkpost\/dachowka-kompaktowa-stigma-2-0-cieta-zgodnie-z-ksztaltem-fali\/\"]}]},{\"@type\":\"ImageObject\",\"inLanguage\":\"en-US\",\"@id\":\"https:\/\/vss.yoho.pl\/en\/darkpost\/dachowka-kompaktowa-stigma-2-0-cieta-zgodnie-z-ksztaltem-fali\/#primaryimage\",\"url\":\"https:\/\/vss.yoho.pl\/wp-content\/uploads\/2022\/07\/30-mini.png\",\"contentUrl\":\"https:\/\/vss.yoho.pl\/wp-content\/uploads\/2022\/07\/30-mini.png\",\"width\":1280,\"height\":720},{\"@type\":\"BreadcrumbList\",\"@id\":\"https:\/\/vss.yoho.pl\/en\/darkpost\/dachowka-kompaktowa-stigma-2-0-cieta-zgodnie-z-ksztaltem-fali\/#breadcrumb\",\"itemListElement\":[{\"@type\":\"ListItem\",\"position\":1,\"name\":\"Home\",\"item\":\"https:\/\/vss.yoho.pl\/\"},{\"@type\":\"ListItem\",\"position\":2,\"name\":\"STIGMA 2.0 | CUT ACCORDING TO THE WAVE SHAPE\"}]},{\"@type\":\"WebSite\",\"@id\":\"https:\/\/vss.yoho.pl\/#website\",\"url\":\"https:\/\/vss.yoho.pl\/\",\"name\":\"VSS\",\"description\":\"Steel Service Centre\",\"potentialAction\":[{\"@type\":\"SearchAction\",\"target\":{\"@type\":\"EntryPoint\",\"urlTemplate\":\"https:\/\/vss.yoho.pl\/?s={search_term_string}\"},\"query-input\":{\"@type\":\"PropertyValueSpecification\",\"valueRequired\":true,\"valueName\":\"search_term_string\"}}],\"inLanguage\":\"en-US\"}]}<\/script>\n<!-- \/ Yoast SEO plugin. -->","yoast_head_json":{"title":"STIGMA 2.0 | CUT ACCORDING TO THE WAVE SHAPE - VSS","robots":{"index":"noindex","follow":"follow","max-snippet":"max-snippet:-1","max-image-preview":"max-image-preview:large","max-video-preview":"max-video-preview:-1"},"og_locale":"en_US","og_type":"article","og_title":"STIGMA 2.0 | CUT ACCORDING TO THE WAVE SHAPE - VSS","og_description":"STIGMA 2.0 to dach\u00f3wki kompaktowe, w formie dwu modu\u0142owych arkuszy. To nowocze\u015bniejsze wydanie uniwersalnego wzoru, udoskonalonego o nowe rozwi\u0105zania u\u0142atwiaj\u0105ce monta\u017c, &#8211; ci\u0119cie zgodnie z kszta\u0142tem fali oraz otwory monta\u017cowe na przet\u0142oczeniach pionowych. W prezentowanej realizacji wykorzystano dach\u00f3wki w pow\u0142oce HERCULIT [HC] w odcieniu HC 9005 (czarny).","og_url":"https:\/\/vss.yoho.pl\/en\/darkpost\/dachowka-kompaktowa-stigma-2-0-cieta-zgodnie-z-ksztaltem-fali\/","og_site_name":"VSS","article_modified_time":"2022-09-29T09:41:46+00:00","og_image":[{"width":1280,"height":720,"url":"https:\/\/vss.yoho.pl\/wp-content\/uploads\/2022\/07\/30-mini.png","type":"image\/png"}],"twitter_card":"summary_large_image","schema":{"@context":"https:\/\/schema.org","@graph":[{"@type":"WebPage","@id":"https:\/\/vss.yoho.pl\/en\/darkpost\/dachowka-kompaktowa-stigma-2-0-cieta-zgodnie-z-ksztaltem-fali\/","url":"https:\/\/vss.yoho.pl\/en\/darkpost\/dachowka-kompaktowa-stigma-2-0-cieta-zgodnie-z-ksztaltem-fali\/","name":"STIGMA 2.0 | CUT ACCORDING TO THE WAVE SHAPE - VSS","isPartOf":{"@id":"https:\/\/vss.yoho.pl\/#website"},"primaryImageOfPage":{"@id":"https:\/\/vss.yoho.pl\/en\/darkpost\/dachowka-kompaktowa-stigma-2-0-cieta-zgodnie-z-ksztaltem-fali\/#primaryimage"},"image":{"@id":"https:\/\/vss.yoho.pl\/en\/darkpost\/dachowka-kompaktowa-stigma-2-0-cieta-zgodnie-z-ksztaltem-fali\/#primaryimage"},"thumbnailUrl":"https:\/\/vss.yoho.pl\/wp-content\/uploads\/2022\/07\/30-mini.png","datePublished":"2022-07-08T09:20:10+00:00","dateModified":"2022-09-29T09:41:46+00:00","breadcrumb":{"@id":"https:\/\/vss.yoho.pl\/en\/darkpost\/dachowka-kompaktowa-stigma-2-0-cieta-zgodnie-z-ksztaltem-fali\/#breadcrumb"},"inLanguage":"en-US","potentialAction":[{"@type":"ReadAction","target":["https:\/\/vss.yoho.pl\/en\/darkpost\/dachowka-kompaktowa-stigma-2-0-cieta-zgodnie-z-ksztaltem-fali\/"]}]},{"@type":"ImageObject","inLanguage":"en-US","@id":"https:\/\/vss.yoho.pl\/en\/darkpost\/dachowka-kompaktowa-stigma-2-0-cieta-zgodnie-z-ksztaltem-fali\/#primaryimage","url":"https:\/\/vss.yoho.pl\/wp-content\/uploads\/2022\/07\/30-mini.png","contentUrl":"https:\/\/vss.yoho.pl\/wp-content\/uploads\/2022\/07\/30-mini.png","width":1280,"height":720},{"@type":"BreadcrumbList","@id":"https:\/\/vss.yoho.pl\/en\/darkpost\/dachowka-kompaktowa-stigma-2-0-cieta-zgodnie-z-ksztaltem-fali\/#breadcrumb","itemListElement":[{"@type":"ListItem","position":1,"name":"Home","item":"https:\/\/vss.yoho.pl\/"},{"@type":"ListItem","position":2,"name":"STIGMA 2.0 | CUT ACCORDING TO THE WAVE SHAPE"}]},{"@type":"WebSite","@id":"https:\/\/vss.yoho.pl\/#website","url":"https:\/\/vss.yoho.pl\/","name":"VSS","description":"Steel Service Centre","potentialAction":[{"@type":"SearchAction","target":{"@type":"EntryPoint","urlTemplate":"https:\/\/vss.yoho.pl\/?s={search_term_string}"},"query-input":{"@type":"PropertyValueSpecification","valueRequired":true,"valueName":"search_term_string"}}],"inLanguage":"en-US"}]}},"_links":{"self":[{"href":"https:\/\/vss.yoho.pl\/en\/wp-json\/wp\/v2\/darkpost\/30745","targetHints":{"allow":["GET"]}}],"collection":[{"href":"https:\/\/vss.yoho.pl\/en\/wp-json\/wp\/v2\/darkpost"}],"about":[{"href":"https:\/\/vss.yoho.pl\/en\/wp-json\/wp\/v2\/types\/darkpost"}],"wp:featuredmedia":[{"embeddable":true,"href":"https:\/\/vss.yoho.pl\/en\/wp-json\/wp\/v2\/media\/12469"}],"wp:attachment":[{"href":"https:\/\/vss.yoho.pl\/en\/wp-json\/wp\/v2\/media?parent=30745"}],"wp:term":[{"taxonomy":"darkpost_category","embeddable":true,"href":"https:\/\/vss.yoho.pl\/en\/wp-json\/wp\/v2\/darkpost_category?post=30745"}],"curies":[{"name":"wp","href":"https:\/\/api.w.org\/{rel}","templated":true}]}}