{"id":47999,"date":"2022-07-08T10:10:57","date_gmt":"2022-07-08T08:10:57","guid":{"rendered":"https:\/\/vss.yoho.pl\/darkpost\/blacha-trapezowa-t-60-hala-sokpol-copy\/"},"modified":"2022-12-15T13:45:25","modified_gmt":"2022-12-15T12:45:25","slug":"t-35-trapezlemez-ferma-ecologica","status":"publish","type":"darkpost","link":"https:\/\/vss.yoho.pl\/hu\/darkpost\/t-35-trapezlemez-ferma-ecologica\/","title":{"rendered":"T-35 TRAP\u00c9ZLEMEZ<\/strong> | FERMA ECOLOGICA"},"content":{"rendered":"\n<div class=\"wp-block-group\"><div class=\"wp-block-group__inner-container is-layout-flow wp-block-group-is-layout-flow\">\n<p>A bemutatott kivitelez\u00e9s a <strong>T-35 ECO<\/strong> trap\u00e9zlemezek haszn\u00e1lat\u00e1nak k\u00f6sz\u00f6nheti hat\u00e1s\u00e1t a tet\u0151n. A falburkolat fed\u00e9s\u00e9re egy rejtett r\u00f6gz\u00edt\u00e9s\u0171 <strong>PIR\/PUR<\/strong> szendvicspanelt haszn\u00e1ltak. Sz\u00e9lesk\u00f6r\u0171 felhaszn\u00e1l\u00e1si lehet\u0151s\u00e9geinek k\u00f6sz\u00f6nhet\u0151en a term\u00e9k rendk\u00edv\u00fcl n\u00e9pszer\u0171 a beruh\u00e1z\u00e1s\u00e9p\u00edt\u00e9sben.<\/p>\n\n\n\n<p>A lapot <strong>POLIESTER Standard [RAL]<\/strong> bevonattal l\u00e1tt\u00e1k el, ak\u00e1r h\u00e1rom sz\u00ednben is: <strong>RAL 8017 <\/strong>(barna), <strong>RAL 6011<\/strong> (z\u00f6ld) \u00e9s <strong>RAL 9006<\/strong> (fekete).<\/p>\n\n\n\n<div style=\"height:100px\" aria-hidden=\"true\" class=\"wp-block-spacer is-style-smaller-spacer\"><\/div>\n\n\n\n<figure class=\"wp-block-embed is-type-video is-provider-youtube wp-block-embed-youtube wp-embed-aspect-16-9 wp-has-aspect-ratio\"><div class=\"wp-block-embed__wrapper\">\n<iframe loading=\"lazy\" title=\"BLACHA TRAPEZOWA T-35 ECO | FERMA ECOLOGICA\" width=\"640\" height=\"360\" src=\"https:\/\/www.youtube.com\/embed\/TWxybMUicfI?feature=oembed\" frameborder=\"0\" allow=\"accelerometer; autoplay; clipboard-write; encrypted-media; gyroscope; picture-in-picture; web-share\" referrerpolicy=\"strict-origin-when-cross-origin\" allowfullscreen><\/iframe>\n<\/div><\/figure>\n<\/div><\/div>\n","protected":false},"featured_media":12367,"menu_order":102,"template":"","darkpost_category":[1030,918,919,484],"class_list":["post-47999","darkpost","type-darkpost","status-publish","has-post-thumbnail","hentry","darkpost_category-t-35-eco-hu","darkpost_category-trapezlemezek","darkpost_category-beruhazas","darkpost_category-megvalositas-video"],"acf":[],"yoast_head":"<!-- This site is optimized with the Yoast SEO plugin v26.5 - https:\/\/yoast.com\/wordpress\/plugins\/seo\/ -->\n<title>T-35 TRAP\u00c9ZLEMEZ | FERMA ECOLOGICA - VSS<\/title>\n<meta name=\"robots\" content=\"noindex, follow, max-snippet:-1, max-image-preview:large, max-video-preview:-1\" \/>\n<meta property=\"og:locale\" content=\"hu_HU\" \/>\n<meta property=\"og:type\" content=\"article\" \/>\n<meta property=\"og:title\" content=\"T-35 TRAP\u00c9ZLEMEZ | FERMA ECOLOGICA - VSS\" \/>\n<meta property=\"og:description\" content=\"A bemutatott kivitelez\u00e9s a T-35 ECO trap\u00e9zlemezek haszn\u00e1lat\u00e1nak k\u00f6sz\u00f6nheti hat\u00e1s\u00e1t a tet\u0151n. A falburkolat fed\u00e9s\u00e9re egy rejtett r\u00f6gz\u00edt\u00e9s\u0171 PIR\/PUR szendvicspanelt haszn\u00e1ltak. Sz\u00e9lesk\u00f6r\u0171 felhaszn\u00e1l\u00e1si lehet\u0151s\u00e9geinek k\u00f6sz\u00f6nhet\u0151en a term\u00e9k rendk\u00edv\u00fcl n\u00e9pszer\u0171 a beruh\u00e1z\u00e1s\u00e9p\u00edt\u00e9sben. A lapot POLIESTER Standard [RAL] bevonattal l\u00e1tt\u00e1k el, ak\u00e1r h\u00e1rom sz\u00ednben is: RAL 8017 (barna), RAL 6011 (z\u00f6ld) \u00e9s RAL 9006 (fekete).\" \/>\n<meta property=\"og:url\" content=\"https:\/\/vss.yoho.pl\/hu\/darkpost\/t-35-trapezlemez-ferma-ecologica\/\" \/>\n<meta property=\"og:site_name\" content=\"VSS\" \/>\n<meta property=\"article:modified_time\" content=\"2022-12-15T12:45:25+00:00\" \/>\n<meta property=\"og:image\" content=\"https:\/\/vss.yoho.pl\/wp-content\/uploads\/2022\/07\/17-MINI.jpg\" \/>\n\t<meta property=\"og:image:width\" content=\"1280\" \/>\n\t<meta property=\"og:image:height\" content=\"720\" \/>\n\t<meta property=\"og:image:type\" content=\"image\/jpeg\" \/>\n<meta name=\"twitter:card\" content=\"summary_large_image\" \/>\n<script type=\"application\/ld+json\" class=\"yoast-schema-graph\">{\"@context\":\"https:\/\/schema.org\",\"@graph\":[{\"@type\":\"WebPage\",\"@id\":\"https:\/\/vss.yoho.pl\/hu\/darkpost\/t-35-trapezlemez-ferma-ecologica\/\",\"url\":\"https:\/\/vss.yoho.pl\/hu\/darkpost\/t-35-trapezlemez-ferma-ecologica\/\",\"name\":\"T-35 TRAP\u00c9ZLEMEZ | FERMA ECOLOGICA - VSS\",\"isPartOf\":{\"@id\":\"https:\/\/vss.yoho.pl\/#website\"},\"primaryImageOfPage\":{\"@id\":\"https:\/\/vss.yoho.pl\/hu\/darkpost\/t-35-trapezlemez-ferma-ecologica\/#primaryimage\"},\"image\":{\"@id\":\"https:\/\/vss.yoho.pl\/hu\/darkpost\/t-35-trapezlemez-ferma-ecologica\/#primaryimage\"},\"thumbnailUrl\":\"https:\/\/vss.yoho.pl\/wp-content\/uploads\/2022\/07\/17-MINI.jpg\",\"datePublished\":\"2022-07-08T08:10:57+00:00\",\"dateModified\":\"2022-12-15T12:45:25+00:00\",\"breadcrumb\":{\"@id\":\"https:\/\/vss.yoho.pl\/hu\/darkpost\/t-35-trapezlemez-ferma-ecologica\/#breadcrumb\"},\"inLanguage\":\"hu\",\"potentialAction\":[{\"@type\":\"ReadAction\",\"target\":[\"https:\/\/vss.yoho.pl\/hu\/darkpost\/t-35-trapezlemez-ferma-ecologica\/\"]}]},{\"@type\":\"ImageObject\",\"inLanguage\":\"hu\",\"@id\":\"https:\/\/vss.yoho.pl\/hu\/darkpost\/t-35-trapezlemez-ferma-ecologica\/#primaryimage\",\"url\":\"https:\/\/vss.yoho.pl\/wp-content\/uploads\/2022\/07\/17-MINI.jpg\",\"contentUrl\":\"https:\/\/vss.yoho.pl\/wp-content\/uploads\/2022\/07\/17-MINI.jpg\",\"width\":1280,\"height\":720},{\"@type\":\"BreadcrumbList\",\"@id\":\"https:\/\/vss.yoho.pl\/hu\/darkpost\/t-35-trapezlemez-ferma-ecologica\/#breadcrumb\",\"itemListElement\":[{\"@type\":\"ListItem\",\"position\":1,\"name\":\"Home\",\"item\":\"https:\/\/vss.yoho.pl\/hu\/\"},{\"@type\":\"ListItem\",\"position\":2,\"name\":\"T-35 TRAP\u00c9ZLEMEZ | FERMA ECOLOGICA\"}]},{\"@type\":\"WebSite\",\"@id\":\"https:\/\/vss.yoho.pl\/#website\",\"url\":\"https:\/\/vss.yoho.pl\/\",\"name\":\"VSS\",\"description\":\"Ac\u00e9lipari Szolg\u00e1ltat\u00f3k\u00f6zpont\",\"potentialAction\":[{\"@type\":\"SearchAction\",\"target\":{\"@type\":\"EntryPoint\",\"urlTemplate\":\"https:\/\/vss.yoho.pl\/?s={search_term_string}\"},\"query-input\":{\"@type\":\"PropertyValueSpecification\",\"valueRequired\":true,\"valueName\":\"search_term_string\"}}],\"inLanguage\":\"hu\"}]}<\/script>\n<!-- \/ Yoast SEO plugin. -->","yoast_head_json":{"title":"T-35 TRAP\u00c9ZLEMEZ | FERMA ECOLOGICA - VSS","robots":{"index":"noindex","follow":"follow","max-snippet":"max-snippet:-1","max-image-preview":"max-image-preview:large","max-video-preview":"max-video-preview:-1"},"og_locale":"hu_HU","og_type":"article","og_title":"T-35 TRAP\u00c9ZLEMEZ | FERMA ECOLOGICA - VSS","og_description":"A bemutatott kivitelez\u00e9s a T-35 ECO trap\u00e9zlemezek haszn\u00e1lat\u00e1nak k\u00f6sz\u00f6nheti hat\u00e1s\u00e1t a tet\u0151n. A falburkolat fed\u00e9s\u00e9re egy rejtett r\u00f6gz\u00edt\u00e9s\u0171 PIR\/PUR szendvicspanelt haszn\u00e1ltak. Sz\u00e9lesk\u00f6r\u0171 felhaszn\u00e1l\u00e1si lehet\u0151s\u00e9geinek k\u00f6sz\u00f6nhet\u0151en a term\u00e9k rendk\u00edv\u00fcl n\u00e9pszer\u0171 a beruh\u00e1z\u00e1s\u00e9p\u00edt\u00e9sben. A lapot POLIESTER Standard [RAL] bevonattal l\u00e1tt\u00e1k el, ak\u00e1r h\u00e1rom sz\u00ednben is: RAL 8017 (barna), RAL 6011 (z\u00f6ld) \u00e9s RAL 9006 (fekete).","og_url":"https:\/\/vss.yoho.pl\/hu\/darkpost\/t-35-trapezlemez-ferma-ecologica\/","og_site_name":"VSS","article_modified_time":"2022-12-15T12:45:25+00:00","og_image":[{"width":1280,"height":720,"url":"https:\/\/vss.yoho.pl\/wp-content\/uploads\/2022\/07\/17-MINI.jpg","type":"image\/jpeg"}],"twitter_card":"summary_large_image","schema":{"@context":"https:\/\/schema.org","@graph":[{"@type":"WebPage","@id":"https:\/\/vss.yoho.pl\/hu\/darkpost\/t-35-trapezlemez-ferma-ecologica\/","url":"https:\/\/vss.yoho.pl\/hu\/darkpost\/t-35-trapezlemez-ferma-ecologica\/","name":"T-35 TRAP\u00c9ZLEMEZ | FERMA ECOLOGICA - VSS","isPartOf":{"@id":"https:\/\/vss.yoho.pl\/#website"},"primaryImageOfPage":{"@id":"https:\/\/vss.yoho.pl\/hu\/darkpost\/t-35-trapezlemez-ferma-ecologica\/#primaryimage"},"image":{"@id":"https:\/\/vss.yoho.pl\/hu\/darkpost\/t-35-trapezlemez-ferma-ecologica\/#primaryimage"},"thumbnailUrl":"https:\/\/vss.yoho.pl\/wp-content\/uploads\/2022\/07\/17-MINI.jpg","datePublished":"2022-07-08T08:10:57+00:00","dateModified":"2022-12-15T12:45:25+00:00","breadcrumb":{"@id":"https:\/\/vss.yoho.pl\/hu\/darkpost\/t-35-trapezlemez-ferma-ecologica\/#breadcrumb"},"inLanguage":"hu","potentialAction":[{"@type":"ReadAction","target":["https:\/\/vss.yoho.pl\/hu\/darkpost\/t-35-trapezlemez-ferma-ecologica\/"]}]},{"@type":"ImageObject","inLanguage":"hu","@id":"https:\/\/vss.yoho.pl\/hu\/darkpost\/t-35-trapezlemez-ferma-ecologica\/#primaryimage","url":"https:\/\/vss.yoho.pl\/wp-content\/uploads\/2022\/07\/17-MINI.jpg","contentUrl":"https:\/\/vss.yoho.pl\/wp-content\/uploads\/2022\/07\/17-MINI.jpg","width":1280,"height":720},{"@type":"BreadcrumbList","@id":"https:\/\/vss.yoho.pl\/hu\/darkpost\/t-35-trapezlemez-ferma-ecologica\/#breadcrumb","itemListElement":[{"@type":"ListItem","position":1,"name":"Home","item":"https:\/\/vss.yoho.pl\/hu\/"},{"@type":"ListItem","position":2,"name":"T-35 TRAP\u00c9ZLEMEZ | FERMA ECOLOGICA"}]},{"@type":"WebSite","@id":"https:\/\/vss.yoho.pl\/#website","url":"https:\/\/vss.yoho.pl\/","name":"VSS","description":"Ac\u00e9lipari Szolg\u00e1ltat\u00f3k\u00f6zpont","potentialAction":[{"@type":"SearchAction","target":{"@type":"EntryPoint","urlTemplate":"https:\/\/vss.yoho.pl\/?s={search_term_string}"},"query-input":{"@type":"PropertyValueSpecification","valueRequired":true,"valueName":"search_term_string"}}],"inLanguage":"hu"}]}},"_links":{"self":[{"href":"https:\/\/vss.yoho.pl\/hu\/wp-json\/wp\/v2\/darkpost\/47999","targetHints":{"allow":["GET"]}}],"collection":[{"href":"https:\/\/vss.yoho.pl\/hu\/wp-json\/wp\/v2\/darkpost"}],"about":[{"href":"https:\/\/vss.yoho.pl\/hu\/wp-json\/wp\/v2\/types\/darkpost"}],"wp:featuredmedia":[{"embeddable":true,"href":"https:\/\/vss.yoho.pl\/hu\/wp-json\/wp\/v2\/media\/12367"}],"wp:attachment":[{"href":"https:\/\/vss.yoho.pl\/hu\/wp-json\/wp\/v2\/media?parent=47999"}],"wp:term":[{"taxonomy":"darkpost_category","embeddable":true,"href":"https:\/\/vss.yoho.pl\/hu\/wp-json\/wp\/v2\/darkpost_category?post=47999"}],"curies":[{"name":"wp","href":"https:\/\/api.w.org\/{rel}","templated":true}]}}