{"id":11432,"date":"2022-06-21T14:10:32","date_gmt":"2022-06-21T12:10:32","guid":{"rendered":"https:\/\/vss.yoho.pl\/darkpost\/blachodachowka-modulowa-izi-roof-copy-copy-copy-copy\/"},"modified":"2022-08-01T10:31:17","modified_gmt":"2022-08-01T08:31:17","slug":"modulowa-dachowka-blaszana-izi-roof-unikalna-trwalosc","status":"publish","type":"darkpost","link":"https:\/\/vss.yoho.pl\/pl\/darkpost\/modulowa-dachowka-blaszana-izi-roof-unikalna-trwalosc\/","title":{"rendered":"MODU\u0141OWA DACH\u00d3WKA BLASZANA IZI ROOF | UNIKALNA TRWA\u0141O\u015a\u0106"},"content":{"rendered":"\n<div class=\"wp-block-group\"><div class=\"wp-block-group__inner-container is-layout-flow wp-block-group-is-layout-flow\">\n<p>Tworz\u0105c dwumodu\u0142owe dach\u00f3wki blaszane <strong>IZI ROOF<\/strong> zwr\u00f3cono uwag\u0119 na wszelkie aspekty wp\u0142ywaj\u0105ce na wygl\u0105d dachu: kolor, kszta\u0142t, a tak\u017ce gra \u015bwiat\u0142a i cienia. Wszystko po to, by pokrycie finalnie \u0142\u0105czy\u0142o w sobie najwy\u017csz\u0105 estetyk\u0119, funkcjonalno\u015b\u0107 i trwa\u0142o\u015b\u0107.<\/p>\n\n\n\n<p>Efekt mo\u017cna podziwia\u0107 w prezentowanej realizacji, w kt\u00f3rej<strong> IZI ROOF <\/strong>pokryto pow\u0142ok\u0105 <strong>MAT 35 Standard [TK]<\/strong> w kolorze grafitowym <strong>(TK 24)<\/strong>. Po\u0142\u0105czenie dach\u00f3wki z pow\u0142ok\u0105 pozwoli\u0142o uzyska\u0107 <strong>30-letni\u0105 gwarancj\u0119 na ca\u0142e pokrycie.<\/strong><\/p>\n\n\n\n<div style=\"height:100px\" aria-hidden=\"true\" class=\"wp-block-spacer is-style-smaller-spacer\"><\/div>\n\n\n\n<figure class=\"wp-block-embed is-type-rich is-provider-obsluga-osadzania wp-block-embed-obsluga-osadzania is-style-cinema wp-embed-aspect-16-9 wp-has-aspect-ratio\"><div class=\"wp-block-embed__wrapper\">\n<iframe loading=\"lazy\" title=\"MODU\u0141OWA DACH\u00d3WKA BLASZANA IZI ROOF | UNIKALNA TRWA\u0141O\u015a\u0106\" width=\"640\" height=\"360\" src=\"https:\/\/www.youtube.com\/embed\/JhYl7GEk9KY?feature=oembed\" frameborder=\"0\" allow=\"accelerometer; autoplay; clipboard-write; encrypted-media; gyroscope; picture-in-picture; web-share\" referrerpolicy=\"strict-origin-when-cross-origin\" allowfullscreen><\/iframe>\n<\/div><\/figure>\n<\/div><\/div>\n","protected":false},"featured_media":12339,"menu_order":109,"template":"","darkpost_category":[355,35,104,70,50],"class_list":["post-11432","darkpost","type-darkpost","status-publish","has-post-thumbnail","hentry","darkpost_category-budownictwo-mieszkaniowe","darkpost_category-izi-roof","darkpost_category-klient-indywidualny","darkpost_category-modular-series","darkpost_category-realizacja-video"],"acf":[],"yoast_head":"<!-- This site is optimized with the Yoast SEO plugin v26.5 - https:\/\/yoast.com\/wordpress\/plugins\/seo\/ -->\n<title>MODU\u0141OWA DACH\u00d3WKA BLASZANA IZI ROOF | UNIKALNA TRWA\u0141O\u015a\u0106 - VSS<\/title>\n<meta name=\"robots\" content=\"noindex, follow, max-snippet:-1, max-image-preview:large, max-video-preview:-1\" \/>\n<meta property=\"og:locale\" content=\"pl_PL\" \/>\n<meta property=\"og:type\" content=\"article\" \/>\n<meta property=\"og:title\" content=\"MODU\u0141OWA DACH\u00d3WKA BLASZANA IZI ROOF | UNIKALNA TRWA\u0141O\u015a\u0106 - VSS\" \/>\n<meta property=\"og:description\" content=\"Tworz\u0105c dwumodu\u0142owe dach\u00f3wki blaszane IZI ROOF zwr\u00f3cono uwag\u0119 na wszelkie aspekty wp\u0142ywaj\u0105ce na wygl\u0105d dachu: kolor, kszta\u0142t, a tak\u017ce gra \u015bwiat\u0142a i cienia. Wszystko po to, by pokrycie finalnie \u0142\u0105czy\u0142o w sobie najwy\u017csz\u0105 estetyk\u0119, funkcjonalno\u015b\u0107 i trwa\u0142o\u015b\u0107. Efekt mo\u017cna podziwia\u0107 w prezentowanej realizacji, w kt\u00f3rej IZI ROOF pokryto pow\u0142ok\u0105 MAT 35 Standard [TK] w kolorze [&hellip;]\" \/>\n<meta property=\"og:url\" content=\"https:\/\/vss.yoho.pl\/pl\/darkpost\/modulowa-dachowka-blaszana-izi-roof-unikalna-trwalosc\/\" \/>\n<meta property=\"og:site_name\" content=\"VSS\" \/>\n<meta property=\"article:modified_time\" content=\"2022-08-01T08:31:17+00:00\" \/>\n<meta property=\"og:image\" content=\"https:\/\/vss.yoho.pl\/wp-content\/uploads\/2022\/06\/image-mini-realizacje-izi-roof-2.jpg\" \/>\n\t<meta property=\"og:image:width\" content=\"618\" \/>\n\t<meta property=\"og:image:height\" content=\"652\" \/>\n\t<meta property=\"og:image:type\" content=\"image\/jpeg\" \/>\n<meta name=\"twitter:card\" content=\"summary_large_image\" \/>\n<script type=\"application\/ld+json\" class=\"yoast-schema-graph\">{\"@context\":\"https:\/\/schema.org\",\"@graph\":[{\"@type\":\"WebPage\",\"@id\":\"https:\/\/vss.yoho.pl\/pl\/darkpost\/modulowa-dachowka-blaszana-izi-roof-unikalna-trwalosc\/\",\"url\":\"https:\/\/vss.yoho.pl\/pl\/darkpost\/modulowa-dachowka-blaszana-izi-roof-unikalna-trwalosc\/\",\"name\":\"MODU\u0141OWA DACH\u00d3WKA BLASZANA IZI ROOF | UNIKALNA TRWA\u0141O\u015a\u0106 - VSS\",\"isPartOf\":{\"@id\":\"https:\/\/vss.yoho.pl\/#website\"},\"primaryImageOfPage\":{\"@id\":\"https:\/\/vss.yoho.pl\/pl\/darkpost\/modulowa-dachowka-blaszana-izi-roof-unikalna-trwalosc\/#primaryimage\"},\"image\":{\"@id\":\"https:\/\/vss.yoho.pl\/pl\/darkpost\/modulowa-dachowka-blaszana-izi-roof-unikalna-trwalosc\/#primaryimage\"},\"thumbnailUrl\":\"https:\/\/vss.yoho.pl\/wp-content\/uploads\/2022\/06\/image-mini-realizacje-izi-roof-2.jpg\",\"datePublished\":\"2022-06-21T12:10:32+00:00\",\"dateModified\":\"2022-08-01T08:31:17+00:00\",\"breadcrumb\":{\"@id\":\"https:\/\/vss.yoho.pl\/pl\/darkpost\/modulowa-dachowka-blaszana-izi-roof-unikalna-trwalosc\/#breadcrumb\"},\"inLanguage\":\"pl-PL\",\"potentialAction\":[{\"@type\":\"ReadAction\",\"target\":[\"https:\/\/vss.yoho.pl\/pl\/darkpost\/modulowa-dachowka-blaszana-izi-roof-unikalna-trwalosc\/\"]}]},{\"@type\":\"ImageObject\",\"inLanguage\":\"pl-PL\",\"@id\":\"https:\/\/vss.yoho.pl\/pl\/darkpost\/modulowa-dachowka-blaszana-izi-roof-unikalna-trwalosc\/#primaryimage\",\"url\":\"https:\/\/vss.yoho.pl\/wp-content\/uploads\/2022\/06\/image-mini-realizacje-izi-roof-2.jpg\",\"contentUrl\":\"https:\/\/vss.yoho.pl\/wp-content\/uploads\/2022\/06\/image-mini-realizacje-izi-roof-2.jpg\",\"width\":618,\"height\":652},{\"@type\":\"BreadcrumbList\",\"@id\":\"https:\/\/vss.yoho.pl\/pl\/darkpost\/modulowa-dachowka-blaszana-izi-roof-unikalna-trwalosc\/#breadcrumb\",\"itemListElement\":[{\"@type\":\"ListItem\",\"position\":1,\"name\":\"Home\",\"item\":\"https:\/\/vss.yoho.pl\/pl\/\"},{\"@type\":\"ListItem\",\"position\":2,\"name\":\"MODU\u0141OWA DACH\u00d3WKA BLASZANA IZI ROOF | UNIKALNA TRWA\u0141O\u015a\u0106\"}]},{\"@type\":\"WebSite\",\"@id\":\"https:\/\/vss.yoho.pl\/#website\",\"url\":\"https:\/\/vss.yoho.pl\/\",\"name\":\"VSS\",\"description\":\"Stalowe Centrum Serwisowe\",\"potentialAction\":[{\"@type\":\"SearchAction\",\"target\":{\"@type\":\"EntryPoint\",\"urlTemplate\":\"https:\/\/vss.yoho.pl\/?s={search_term_string}\"},\"query-input\":{\"@type\":\"PropertyValueSpecification\",\"valueRequired\":true,\"valueName\":\"search_term_string\"}}],\"inLanguage\":\"pl-PL\"}]}<\/script>\n<!-- \/ Yoast SEO plugin. -->","yoast_head_json":{"title":"MODU\u0141OWA DACH\u00d3WKA BLASZANA IZI ROOF | UNIKALNA TRWA\u0141O\u015a\u0106 - VSS","robots":{"index":"noindex","follow":"follow","max-snippet":"max-snippet:-1","max-image-preview":"max-image-preview:large","max-video-preview":"max-video-preview:-1"},"og_locale":"pl_PL","og_type":"article","og_title":"MODU\u0141OWA DACH\u00d3WKA BLASZANA IZI ROOF | UNIKALNA TRWA\u0141O\u015a\u0106 - VSS","og_description":"Tworz\u0105c dwumodu\u0142owe dach\u00f3wki blaszane IZI ROOF zwr\u00f3cono uwag\u0119 na wszelkie aspekty wp\u0142ywaj\u0105ce na wygl\u0105d dachu: kolor, kszta\u0142t, a tak\u017ce gra \u015bwiat\u0142a i cienia. Wszystko po to, by pokrycie finalnie \u0142\u0105czy\u0142o w sobie najwy\u017csz\u0105 estetyk\u0119, funkcjonalno\u015b\u0107 i trwa\u0142o\u015b\u0107. Efekt mo\u017cna podziwia\u0107 w prezentowanej realizacji, w kt\u00f3rej IZI ROOF pokryto pow\u0142ok\u0105 MAT 35 Standard [TK] w kolorze [&hellip;]","og_url":"https:\/\/vss.yoho.pl\/pl\/darkpost\/modulowa-dachowka-blaszana-izi-roof-unikalna-trwalosc\/","og_site_name":"VSS","article_modified_time":"2022-08-01T08:31:17+00:00","og_image":[{"width":618,"height":652,"url":"https:\/\/vss.yoho.pl\/wp-content\/uploads\/2022\/06\/image-mini-realizacje-izi-roof-2.jpg","type":"image\/jpeg"}],"twitter_card":"summary_large_image","schema":{"@context":"https:\/\/schema.org","@graph":[{"@type":"WebPage","@id":"https:\/\/vss.yoho.pl\/pl\/darkpost\/modulowa-dachowka-blaszana-izi-roof-unikalna-trwalosc\/","url":"https:\/\/vss.yoho.pl\/pl\/darkpost\/modulowa-dachowka-blaszana-izi-roof-unikalna-trwalosc\/","name":"MODU\u0141OWA DACH\u00d3WKA BLASZANA IZI ROOF | UNIKALNA TRWA\u0141O\u015a\u0106 - VSS","isPartOf":{"@id":"https:\/\/vss.yoho.pl\/#website"},"primaryImageOfPage":{"@id":"https:\/\/vss.yoho.pl\/pl\/darkpost\/modulowa-dachowka-blaszana-izi-roof-unikalna-trwalosc\/#primaryimage"},"image":{"@id":"https:\/\/vss.yoho.pl\/pl\/darkpost\/modulowa-dachowka-blaszana-izi-roof-unikalna-trwalosc\/#primaryimage"},"thumbnailUrl":"https:\/\/vss.yoho.pl\/wp-content\/uploads\/2022\/06\/image-mini-realizacje-izi-roof-2.jpg","datePublished":"2022-06-21T12:10:32+00:00","dateModified":"2022-08-01T08:31:17+00:00","breadcrumb":{"@id":"https:\/\/vss.yoho.pl\/pl\/darkpost\/modulowa-dachowka-blaszana-izi-roof-unikalna-trwalosc\/#breadcrumb"},"inLanguage":"pl-PL","potentialAction":[{"@type":"ReadAction","target":["https:\/\/vss.yoho.pl\/pl\/darkpost\/modulowa-dachowka-blaszana-izi-roof-unikalna-trwalosc\/"]}]},{"@type":"ImageObject","inLanguage":"pl-PL","@id":"https:\/\/vss.yoho.pl\/pl\/darkpost\/modulowa-dachowka-blaszana-izi-roof-unikalna-trwalosc\/#primaryimage","url":"https:\/\/vss.yoho.pl\/wp-content\/uploads\/2022\/06\/image-mini-realizacje-izi-roof-2.jpg","contentUrl":"https:\/\/vss.yoho.pl\/wp-content\/uploads\/2022\/06\/image-mini-realizacje-izi-roof-2.jpg","width":618,"height":652},{"@type":"BreadcrumbList","@id":"https:\/\/vss.yoho.pl\/pl\/darkpost\/modulowa-dachowka-blaszana-izi-roof-unikalna-trwalosc\/#breadcrumb","itemListElement":[{"@type":"ListItem","position":1,"name":"Home","item":"https:\/\/vss.yoho.pl\/pl\/"},{"@type":"ListItem","position":2,"name":"MODU\u0141OWA DACH\u00d3WKA BLASZANA IZI ROOF | UNIKALNA TRWA\u0141O\u015a\u0106"}]},{"@type":"WebSite","@id":"https:\/\/vss.yoho.pl\/#website","url":"https:\/\/vss.yoho.pl\/","name":"VSS","description":"Stalowe Centrum Serwisowe","potentialAction":[{"@type":"SearchAction","target":{"@type":"EntryPoint","urlTemplate":"https:\/\/vss.yoho.pl\/?s={search_term_string}"},"query-input":{"@type":"PropertyValueSpecification","valueRequired":true,"valueName":"search_term_string"}}],"inLanguage":"pl-PL"}]}},"_links":{"self":[{"href":"https:\/\/vss.yoho.pl\/pl\/wp-json\/wp\/v2\/darkpost\/11432","targetHints":{"allow":["GET"]}}],"collection":[{"href":"https:\/\/vss.yoho.pl\/pl\/wp-json\/wp\/v2\/darkpost"}],"about":[{"href":"https:\/\/vss.yoho.pl\/pl\/wp-json\/wp\/v2\/types\/darkpost"}],"wp:featuredmedia":[{"embeddable":true,"href":"https:\/\/vss.yoho.pl\/pl\/wp-json\/wp\/v2\/media\/12339"}],"wp:attachment":[{"href":"https:\/\/vss.yoho.pl\/pl\/wp-json\/wp\/v2\/media?parent=11432"}],"wp:term":[{"taxonomy":"darkpost_category","embeddable":true,"href":"https:\/\/vss.yoho.pl\/pl\/wp-json\/wp\/v2\/darkpost_category?post=11432"}],"curies":[{"name":"wp","href":"https:\/\/api.w.org\/{rel}","templated":true}]}}