{"id":48302,"date":"2022-12-16T10:30:13","date_gmt":"2022-12-16T09:30:13","guid":{"rendered":"https:\/\/vss.yoho.pl\/firma-z-dobra-energia-2022-copy\/"},"modified":"2022-12-19T11:50:01","modified_gmt":"2022-12-19T10:50:01","slug":"teraz-jestesmy-bp2","status":"publish","type":"post","link":"https:\/\/vss.yoho.pl\/pl\/teraz-jestesmy-bp2\/","title":{"rendered":"Teraz jeste\u015bmy BP2!"},"content":{"rendered":"\n<div class=\"wp-block-group\"><div class=\"wp-block-group__inner-container is-layout-flow wp-block-group-is-layout-flow\">\n<div class=\"wp-block-columns is-layout-flex wp-container-core-columns-is-layout-9d6595d7 wp-block-columns-is-layout-flex\">\n<div class=\"wp-block-column is-vertically-aligned-top is-layout-flow wp-block-column-is-layout-flow\">\n<p>Nadchodz\u0105cy koniec roku to wiele planowanych zmian, w tym rebranding naszej marki. Mamy przyjemno\u015b\u0107 poinformowa\u0107, \u017ce od 23 listopada 2022 r. BLACHPROFIL 2 sp. z o.o. <strong>oficjalnie przyj\u0119\u0142o nazw\u0119 BP2 sp. z o.o.<\/strong><\/p>\n\n\n\n<p>Zmiana nazwy sp\u00f3\u0142ki by\u0142a czasoch\u0142onna, jednak\u017ce istotna, poniewa\u017c prowadzi do ujednolicenia naszego wizerunku oraz podniesienia rozpoznawalno\u015bci marki na dynamicznie rozwijaj\u0105cej si\u0119 arenie europejskiej.<\/p>\n\n\n<div class=\"wp-block-image\">\n<figure class=\"aligncenter size-full is-resized\"><img loading=\"lazy\" decoding=\"async\" src=\"https:\/\/vss.yoho.pl\/wp-content\/uploads\/2022\/12\/Zasob-4-768x455-1.png\" alt=\"\" class=\"wp-image-48564\" width=\"384\" height=\"228\"\/><\/figure>\n<\/div>\n\n\n<p><strong>Prosimy o <a rel=\"noreferrer noopener\" href=\"https:\/\/cloud.bp2.pl\/s\/Z8CZwozmBf3yYp6\" data-type=\"URL\" data-id=\"https:\/\/cloud.bp2.pl\/s\/Z8CZwozmBf3yYp6\" target=\"_blank\">pobranie nowych materia\u0142\u00f3w<\/a> i zach\u0119camy do korzystania z nich, w celu zachowania sp\u00f3jno\u015bci komunikacji i wiarygodno\u015bci w oczach naszych klient\u00f3w.<\/strong><\/p>\n\n\n\n<p>Od dzisiaj sporz\u0105dzane dokumenty oraz wykorzystywane materia\u0142y identyfikacyjne takie jak m.in. logotyp b\u0119d\u0105 zawiera\u0142y wy\u0142\u0105cznie nazw\u0119 BP2. Opr\u00f3cz zmian wizerunkowych rebranding przyni\u00f3s\u0142 ze sob\u0105 zmiany formalne. Dokumenty, takie jak na przyk\u0142ad umowy oraz faktury podpisywane lub wystawiane od 23 listopada 2022 r. powinny zawiera\u0107 wy\u0142\u0105cznie now\u0105 nazw\u0119 sp\u00f3\u0142ki (NIP, adres i inne dane pozostaj\u0105 bez zmian).<\/p>\n\n\n\n<p class=\"has-text-align-center\"><strong>Nowe dane firmy:<\/strong><\/p>\n\n\n\n<p class=\"has-text-align-center\"><strong>BP2 sp. z o.o.<\/strong><br>ul. Nadwi\u015bla\u0144ska 11\/139<br>30-527 Krak\u00f3w,<br>NIP: 6762431701,<br>Regon: 121387608<br>KRS: 0000369912<\/p>\n\n\n\n<p class=\"has-medium-font-size\">&nbsp;<\/p>\n<\/div>\n\n\n\n<div class=\"wp-block-column is-layout-flow wp-block-column-is-layout-flow\">\n<figure class=\"wp-block-image size-large\"><img loading=\"lazy\" decoding=\"async\" width=\"1024\" height=\"1024\" src=\"https:\/\/vss.yoho.pl\/wp-content\/uploads\/2022\/12\/RBR-BP2-1-1-1024x1024.png\" alt=\"\" class=\"wp-image-48572\" srcset=\"https:\/\/vss.yoho.pl\/wp-content\/uploads\/2022\/12\/RBR-BP2-1-1-1024x1024.png 1024w, https:\/\/vss.yoho.pl\/wp-content\/uploads\/2022\/12\/RBR-BP2-1-1-820x820.png 820w, https:\/\/vss.yoho.pl\/wp-content\/uploads\/2022\/12\/RBR-BP2-1-1-150x150.png 150w, https:\/\/vss.yoho.pl\/wp-content\/uploads\/2022\/12\/RBR-BP2-1-1-768x768.png 768w, https:\/\/vss.yoho.pl\/wp-content\/uploads\/2022\/12\/RBR-BP2-1-1.png 1080w\" sizes=\"auto, (max-width: 1024px) 100vw, 1024px\" \/><\/figure>\n<\/div>\n<\/div>\n<\/div><\/div>\n","protected":false},"excerpt":{"rendered":"<p>Nadchodz\u0105cy koniec roku to wiele planowanych zmian, w tym rebranding naszej marki. Mamy przyjemno\u015b\u0107 poinformowa\u0107, \u017ce od 23 listopada 2022 r. BLACHPROFIL 2 sp. z o.o. oficjalnie przyj\u0119\u0142o nazw\u0119 BP2 sp. z o.o. Zmiana nazwy sp\u00f3\u0142ki by\u0142a czasoch\u0142onna, jednak\u017ce istotna, poniewa\u017c prowadzi do ujednolicenia naszego wizerunku oraz podniesienia rozpoznawalno\u015bci marki na dynamicznie rozwijaj\u0105cej si\u0119 arenie [&hellip;]<\/p>\n","protected":false},"author":9,"featured_media":48509,"comment_status":"closed","ping_status":"closed","sticky":false,"template":"","format":"standard","meta":{"_acf_changed":false,"inline_featured_image":false,"footnotes":""},"categories":[1172],"tags":[],"class_list":["post-48302","post","type-post","status-publish","format-standard","has-post-thumbnail","hentry","category-bp2"],"acf":[],"yoast_head":"<!-- This site is optimized with the Yoast SEO plugin v26.5 - https:\/\/yoast.com\/wordpress\/plugins\/seo\/ -->\n<title>Teraz jeste\u015bmy BP2! - VSS<\/title>\n<meta name=\"robots\" content=\"noindex, follow, max-snippet:-1, max-image-preview:large, max-video-preview:-1\" \/>\n<meta property=\"og:locale\" content=\"pl_PL\" \/>\n<meta property=\"og:type\" content=\"article\" \/>\n<meta property=\"og:title\" content=\"Teraz jeste\u015bmy BP2! - VSS\" \/>\n<meta property=\"og:description\" content=\"Nadchodz\u0105cy koniec roku to wiele planowanych zmian, w tym rebranding naszej marki. Mamy przyjemno\u015b\u0107 poinformowa\u0107, \u017ce od 23 listopada 2022 r. BLACHPROFIL 2 sp. z o.o. oficjalnie przyj\u0119\u0142o nazw\u0119 BP2 sp. z o.o. Zmiana nazwy sp\u00f3\u0142ki by\u0142a czasoch\u0142onna, jednak\u017ce istotna, poniewa\u017c prowadzi do ujednolicenia naszego wizerunku oraz podniesienia rozpoznawalno\u015bci marki na dynamicznie rozwijaj\u0105cej si\u0119 arenie [&hellip;]\" \/>\n<meta property=\"og:url\" content=\"https:\/\/vss.yoho.pl\/pl\/teraz-jestesmy-bp2\/\" \/>\n<meta property=\"og:site_name\" content=\"VSS\" \/>\n<meta property=\"article:published_time\" content=\"2022-12-16T09:30:13+00:00\" \/>\n<meta property=\"article:modified_time\" content=\"2022-12-19T10:50:01+00:00\" \/>\n<meta property=\"og:image\" content=\"https:\/\/vss.yoho.pl\/wp-content\/uploads\/2022\/12\/teraz-jestesmy-image.png\" \/>\n\t<meta property=\"og:image:width\" content=\"820\" \/>\n\t<meta property=\"og:image:height\" content=\"435\" \/>\n\t<meta property=\"og:image:type\" content=\"image\/png\" \/>\n<meta name=\"author\" content=\"Karolina Lisek\" \/>\n<meta name=\"twitter:card\" content=\"summary_large_image\" \/>\n<meta name=\"twitter:label1\" content=\"Written by\" \/>\n\t<meta name=\"twitter:data1\" content=\"Karolina Lisek\" \/>\n\t<meta name=\"twitter:label2\" content=\"Est. reading time\" \/>\n\t<meta name=\"twitter:data2\" content=\"1 minuta\" \/>\n<script type=\"application\/ld+json\" class=\"yoast-schema-graph\">{\"@context\":\"https:\/\/schema.org\",\"@graph\":[{\"@type\":\"WebPage\",\"@id\":\"https:\/\/vss.yoho.pl\/pl\/teraz-jestesmy-bp2\/\",\"url\":\"https:\/\/vss.yoho.pl\/pl\/teraz-jestesmy-bp2\/\",\"name\":\"Teraz jeste\u015bmy BP2! - VSS\",\"isPartOf\":{\"@id\":\"https:\/\/vss.yoho.pl\/#website\"},\"primaryImageOfPage\":{\"@id\":\"https:\/\/vss.yoho.pl\/pl\/teraz-jestesmy-bp2\/#primaryimage\"},\"image\":{\"@id\":\"https:\/\/vss.yoho.pl\/pl\/teraz-jestesmy-bp2\/#primaryimage\"},\"thumbnailUrl\":\"https:\/\/vss.yoho.pl\/wp-content\/uploads\/2022\/12\/teraz-jestesmy-image.png\",\"datePublished\":\"2022-12-16T09:30:13+00:00\",\"dateModified\":\"2022-12-19T10:50:01+00:00\",\"author\":{\"@id\":\"https:\/\/vss.yoho.pl\/#\/schema\/person\/29667c76c33716fb0de0c2ca157f8b9f\"},\"breadcrumb\":{\"@id\":\"https:\/\/vss.yoho.pl\/pl\/teraz-jestesmy-bp2\/#breadcrumb\"},\"inLanguage\":\"pl-PL\",\"potentialAction\":[{\"@type\":\"ReadAction\",\"target\":[\"https:\/\/vss.yoho.pl\/pl\/teraz-jestesmy-bp2\/\"]}]},{\"@type\":\"ImageObject\",\"inLanguage\":\"pl-PL\",\"@id\":\"https:\/\/vss.yoho.pl\/pl\/teraz-jestesmy-bp2\/#primaryimage\",\"url\":\"https:\/\/vss.yoho.pl\/wp-content\/uploads\/2022\/12\/teraz-jestesmy-image.png\",\"contentUrl\":\"https:\/\/vss.yoho.pl\/wp-content\/uploads\/2022\/12\/teraz-jestesmy-image.png\",\"width\":820,\"height\":435},{\"@type\":\"BreadcrumbList\",\"@id\":\"https:\/\/vss.yoho.pl\/pl\/teraz-jestesmy-bp2\/#breadcrumb\",\"itemListElement\":[{\"@type\":\"ListItem\",\"position\":1,\"name\":\"Home\",\"item\":\"https:\/\/vss.yoho.pl\/pl\/\"},{\"@type\":\"ListItem\",\"position\":2,\"name\":\"Teraz jeste\u015bmy BP2!\"}]},{\"@type\":\"WebSite\",\"@id\":\"https:\/\/vss.yoho.pl\/#website\",\"url\":\"https:\/\/vss.yoho.pl\/\",\"name\":\"VSS\",\"description\":\"Stalowe Centrum Serwisowe\",\"potentialAction\":[{\"@type\":\"SearchAction\",\"target\":{\"@type\":\"EntryPoint\",\"urlTemplate\":\"https:\/\/vss.yoho.pl\/?s={search_term_string}\"},\"query-input\":{\"@type\":\"PropertyValueSpecification\",\"valueRequired\":true,\"valueName\":\"search_term_string\"}}],\"inLanguage\":\"pl-PL\"},{\"@type\":\"Person\",\"@id\":\"https:\/\/vss.yoho.pl\/#\/schema\/person\/29667c76c33716fb0de0c2ca157f8b9f\",\"name\":\"Karolina Lisek\",\"image\":{\"@type\":\"ImageObject\",\"inLanguage\":\"pl-PL\",\"@id\":\"https:\/\/vss.yoho.pl\/#\/schema\/person\/image\/\",\"url\":\"https:\/\/secure.gravatar.com\/avatar\/2846ec750062d6f7c4428fdfa2fa6485bdca1c4395e70e7b1118be6b2435852e?s=96&d=mm&r=g\",\"contentUrl\":\"https:\/\/secure.gravatar.com\/avatar\/2846ec750062d6f7c4428fdfa2fa6485bdca1c4395e70e7b1118be6b2435852e?s=96&d=mm&r=g\",\"caption\":\"Karolina Lisek\"},\"url\":\"https:\/\/vss.yoho.pl\/pl\/author\/karolina-lisek\/\"}]}<\/script>\n<!-- \/ Yoast SEO plugin. -->","yoast_head_json":{"title":"Teraz jeste\u015bmy BP2! - VSS","robots":{"index":"noindex","follow":"follow","max-snippet":"max-snippet:-1","max-image-preview":"max-image-preview:large","max-video-preview":"max-video-preview:-1"},"og_locale":"pl_PL","og_type":"article","og_title":"Teraz jeste\u015bmy BP2! - VSS","og_description":"Nadchodz\u0105cy koniec roku to wiele planowanych zmian, w tym rebranding naszej marki. Mamy przyjemno\u015b\u0107 poinformowa\u0107, \u017ce od 23 listopada 2022 r. BLACHPROFIL 2 sp. z o.o. oficjalnie przyj\u0119\u0142o nazw\u0119 BP2 sp. z o.o. Zmiana nazwy sp\u00f3\u0142ki by\u0142a czasoch\u0142onna, jednak\u017ce istotna, poniewa\u017c prowadzi do ujednolicenia naszego wizerunku oraz podniesienia rozpoznawalno\u015bci marki na dynamicznie rozwijaj\u0105cej si\u0119 arenie [&hellip;]","og_url":"https:\/\/vss.yoho.pl\/pl\/teraz-jestesmy-bp2\/","og_site_name":"VSS","article_published_time":"2022-12-16T09:30:13+00:00","article_modified_time":"2022-12-19T10:50:01+00:00","og_image":[{"width":820,"height":435,"url":"https:\/\/vss.yoho.pl\/wp-content\/uploads\/2022\/12\/teraz-jestesmy-image.png","type":"image\/png"}],"author":"Karolina Lisek","twitter_card":"summary_large_image","twitter_misc":{"Written by":"Karolina Lisek","Est. reading time":"1 minuta"},"schema":{"@context":"https:\/\/schema.org","@graph":[{"@type":"WebPage","@id":"https:\/\/vss.yoho.pl\/pl\/teraz-jestesmy-bp2\/","url":"https:\/\/vss.yoho.pl\/pl\/teraz-jestesmy-bp2\/","name":"Teraz jeste\u015bmy BP2! - VSS","isPartOf":{"@id":"https:\/\/vss.yoho.pl\/#website"},"primaryImageOfPage":{"@id":"https:\/\/vss.yoho.pl\/pl\/teraz-jestesmy-bp2\/#primaryimage"},"image":{"@id":"https:\/\/vss.yoho.pl\/pl\/teraz-jestesmy-bp2\/#primaryimage"},"thumbnailUrl":"https:\/\/vss.yoho.pl\/wp-content\/uploads\/2022\/12\/teraz-jestesmy-image.png","datePublished":"2022-12-16T09:30:13+00:00","dateModified":"2022-12-19T10:50:01+00:00","author":{"@id":"https:\/\/vss.yoho.pl\/#\/schema\/person\/29667c76c33716fb0de0c2ca157f8b9f"},"breadcrumb":{"@id":"https:\/\/vss.yoho.pl\/pl\/teraz-jestesmy-bp2\/#breadcrumb"},"inLanguage":"pl-PL","potentialAction":[{"@type":"ReadAction","target":["https:\/\/vss.yoho.pl\/pl\/teraz-jestesmy-bp2\/"]}]},{"@type":"ImageObject","inLanguage":"pl-PL","@id":"https:\/\/vss.yoho.pl\/pl\/teraz-jestesmy-bp2\/#primaryimage","url":"https:\/\/vss.yoho.pl\/wp-content\/uploads\/2022\/12\/teraz-jestesmy-image.png","contentUrl":"https:\/\/vss.yoho.pl\/wp-content\/uploads\/2022\/12\/teraz-jestesmy-image.png","width":820,"height":435},{"@type":"BreadcrumbList","@id":"https:\/\/vss.yoho.pl\/pl\/teraz-jestesmy-bp2\/#breadcrumb","itemListElement":[{"@type":"ListItem","position":1,"name":"Home","item":"https:\/\/vss.yoho.pl\/pl\/"},{"@type":"ListItem","position":2,"name":"Teraz jeste\u015bmy BP2!"}]},{"@type":"WebSite","@id":"https:\/\/vss.yoho.pl\/#website","url":"https:\/\/vss.yoho.pl\/","name":"VSS","description":"Stalowe Centrum Serwisowe","potentialAction":[{"@type":"SearchAction","target":{"@type":"EntryPoint","urlTemplate":"https:\/\/vss.yoho.pl\/?s={search_term_string}"},"query-input":{"@type":"PropertyValueSpecification","valueRequired":true,"valueName":"search_term_string"}}],"inLanguage":"pl-PL"},{"@type":"Person","@id":"https:\/\/vss.yoho.pl\/#\/schema\/person\/29667c76c33716fb0de0c2ca157f8b9f","name":"Karolina Lisek","image":{"@type":"ImageObject","inLanguage":"pl-PL","@id":"https:\/\/vss.yoho.pl\/#\/schema\/person\/image\/","url":"https:\/\/secure.gravatar.com\/avatar\/2846ec750062d6f7c4428fdfa2fa6485bdca1c4395e70e7b1118be6b2435852e?s=96&d=mm&r=g","contentUrl":"https:\/\/secure.gravatar.com\/avatar\/2846ec750062d6f7c4428fdfa2fa6485bdca1c4395e70e7b1118be6b2435852e?s=96&d=mm&r=g","caption":"Karolina Lisek"},"url":"https:\/\/vss.yoho.pl\/pl\/author\/karolina-lisek\/"}]}},"_links":{"self":[{"href":"https:\/\/vss.yoho.pl\/pl\/wp-json\/wp\/v2\/posts\/48302","targetHints":{"allow":["GET"]}}],"collection":[{"href":"https:\/\/vss.yoho.pl\/pl\/wp-json\/wp\/v2\/posts"}],"about":[{"href":"https:\/\/vss.yoho.pl\/pl\/wp-json\/wp\/v2\/types\/post"}],"author":[{"embeddable":true,"href":"https:\/\/vss.yoho.pl\/pl\/wp-json\/wp\/v2\/users\/9"}],"replies":[{"embeddable":true,"href":"https:\/\/vss.yoho.pl\/pl\/wp-json\/wp\/v2\/comments?post=48302"}],"version-history":[{"count":8,"href":"https:\/\/vss.yoho.pl\/pl\/wp-json\/wp\/v2\/posts\/48302\/revisions"}],"predecessor-version":[{"id":48580,"href":"https:\/\/vss.yoho.pl\/pl\/wp-json\/wp\/v2\/posts\/48302\/revisions\/48580"}],"wp:featuredmedia":[{"embeddable":true,"href":"https:\/\/vss.yoho.pl\/pl\/wp-json\/wp\/v2\/media\/48509"}],"wp:attachment":[{"href":"https:\/\/vss.yoho.pl\/pl\/wp-json\/wp\/v2\/media?parent=48302"}],"wp:term":[{"taxonomy":"category","embeddable":true,"href":"https:\/\/vss.yoho.pl\/pl\/wp-json\/wp\/v2\/categories?post=48302"},{"taxonomy":"post_tag","embeddable":true,"href":"https:\/\/vss.yoho.pl\/pl\/wp-json\/wp\/v2\/tags?post=48302"}],"curies":[{"name":"wp","href":"https:\/\/api.w.org\/{rel}","templated":true}]}}